{"id":6554,"date":"2020-05-21T08:41:40","date_gmt":"2020-05-21T12:41:40","guid":{"rendered":"http:\/\/brigham.ca\/rappel-collecte-des-ordures-menageres-et-des-matieres-compostables-22-mai-2020\/"},"modified":"2020-05-21T08:41:40","modified_gmt":"2020-05-21T12:41:40","slug":"rappel-collecte-des-ordures-menageres-et-des-matieres-compostables-22-mai-2020","status":"publish","type":"post","link":"https:\/\/brigham.ca\/en\/rappel-collecte-des-ordures-menageres-et-des-matieres-compostables-22-mai-2020\/","title":{"rendered":"Rappel &#8211; Collecte des ordures m\u00e9nag\u00e8res et des mati\u00e8res compostables &#8211; 22 mai 2020"},"content":{"rendered":"<p>La municipalit\u00e9 vous rappelle qu\u2019il y aura une collecte des mati\u00e8res compostables et des ordures m\u00e9nag\u00e8res, demain le 22 mai.<\/p>\n","protected":false},"excerpt":{"rendered":"<p>La municipalit\u00e9 vous rappelle qu\u2019il y aura une collecte des mati\u00e8res compostables et des ordures m\u00e9nag\u00e8res, demain le 22 mai.<\/p>\n","protected":false},"author":3,"featured_media":0,"comment_status":"closed","ping_status":"open","sticky":false,"template":"","format":"standard","meta":[],"categories":[6],"tags":[],"_links":{"self":[{"href":"https:\/\/brigham.ca\/en\/wp-json\/wp\/v2\/posts\/6554"}],"collection":[{"href":"https:\/\/brigham.ca\/en\/wp-json\/wp\/v2\/posts"}],"about":[{"href":"https:\/\/brigham.ca\/en\/wp-json\/wp\/v2\/types\/post"}],"author":[{"embeddable":true,"href":"https:\/\/brigham.ca\/en\/wp-json\/wp\/v2\/users\/3"}],"replies":[{"embeddable":true,"href":"https:\/\/brigham.ca\/en\/wp-json\/wp\/v2\/comments?post=6554"}],"version-history":[{"count":0,"href":"https:\/\/brigham.ca\/en\/wp-json\/wp\/v2\/posts\/6554\/revisions"}],"wp:attachment":[{"href":"https:\/\/brigham.ca\/en\/wp-json\/wp\/v2\/media?parent=6554"}],"wp:term":[{"taxonomy":"category","embeddable":true,"href":"https:\/\/brigham.ca\/en\/wp-json\/wp\/v2\/categories?post=6554"},{"taxonomy":"post_tag","embeddable":true,"href":"https:\/\/brigham.ca\/en\/wp-json\/wp\/v2\/tags?post=6554"}],"curies":[{"name":"wp","href":"https:\/\/api.w.org\/{rel}","templated":true}]}}